{"id":840,"date":"2026-01-25T12:16:13","date_gmt":"2026-01-25T11:16:13","guid":{"rendered":"https:\/\/idipavidi.com\/?p=840"},"modified":"2026-01-25T12:16:14","modified_gmt":"2026-01-25T11:16:14","slug":"utvrda-klana-strazar-kvarnera-izmedu-carstva-i-carstva","status":"publish","type":"post","link":"https:\/\/idipavidi.com\/en\/utvrda-klana-strazar-kvarnera-izmedu-carstva-i-carstva\/","title":{"rendered":"Utvrda Klana \u2013 Stra\u017ear Kvarnera izme\u0111u Carstva i Carstva"},"content":{"rendered":"<figure class=\"wp-block-image size-large\"><img fetchpriority=\"high\" decoding=\"async\" width=\"1024\" height=\"683\" src=\"https:\/\/idipavidi.com\/wp-content\/uploads\/2026\/01\/ChatGPT-Image-25.-sij-2026.-12_08_02-1-1024x683.png\" alt=\"\" class=\"wp-image-842\" title=\"\" srcset=\"https:\/\/idipavidi.com\/wp-content\/uploads\/2026\/01\/ChatGPT-Image-25.-sij-2026.-12_08_02-1-1024x683.png 1024w, https:\/\/idipavidi.com\/wp-content\/uploads\/2026\/01\/ChatGPT-Image-25.-sij-2026.-12_08_02-1-300x200.png 300w, https:\/\/idipavidi.com\/wp-content\/uploads\/2026\/01\/ChatGPT-Image-25.-sij-2026.-12_08_02-1-768x512.png 768w, https:\/\/idipavidi.com\/wp-content\/uploads\/2026\/01\/ChatGPT-Image-25.-sij-2026.-12_08_02-1-18x12.png 18w, https:\/\/idipavidi.com\/wp-content\/uploads\/2026\/01\/ChatGPT-Image-25.-sij-2026.-12_08_02-1-1320x880.png 1320w, https:\/\/idipavidi.com\/wp-content\/uploads\/2026\/01\/ChatGPT-Image-25.-sij-2026.-12_08_02-1.png 1536w\" sizes=\"(max-width: 1024px) 100vw, 1024px\" \/><\/figure>\n\n\n\n<p>Na uzdignutom grebenu iznad dana\u0161njeg naselja Klana, svega 18 kilometara sjeverozapadno od Rijeke, nalaze se ostaci nekada va\u017ene utvrde koja je stolje\u0107ima nadzirala prijelaz izme\u0111u kvarnerske obale i unutra\u0161njosti. Utvrda Klana bila je dio slo\u017eenog obrambenog sustava na prostoru gdje su se sudarali interesi velikih sila \u2013 od Rimskog Carstva do Habsbur\u0161ke Monarhije i Osmanskog Carstva.<\/p>\n\n\n\n<div id=\"ez-toc-container\" class=\"ez-toc-v2_0_82_2 counter-hierarchy ez-toc-counter ez-toc-grey ez-toc-container-direction\">\n<div class=\"ez-toc-title-container\">\n<p class=\"ez-toc-title\" style=\"cursor:inherit\">Table of Contents<\/p>\n<span class=\"ez-toc-title-toggle\"><a href=\"#\" class=\"ez-toc-pull-right ez-toc-btn ez-toc-btn-xs ez-toc-btn-default ez-toc-toggle\" aria-label=\"Toggle Table of Content\"><span class=\"ez-toc-js-icon-con\"><span class=\"\"><span class=\"eztoc-hide\" style=\"display:none;\">Toggle<\/span><span class=\"ez-toc-icon-toggle-span\"><svg style=\"fill: #999;color:#999\" xmlns=\"http:\/\/www.w3.org\/2000\/svg\" class=\"list-377408\" width=\"20px\" height=\"20px\" viewbox=\"0 0 24 24\" fill=\"none\"><path d=\"M6 6H4v2h2V6zm14 0H8v2h12V6zM4 11h2v2H4v-2zm16 0H8v2h12v-2zM4 16h2v2H4v-2zm16 0H8v2h12v-2z\" fill=\"currentColor\"><\/path><\/svg><svg style=\"fill: #999;color:#999\" class=\"arrow-unsorted-368013\" xmlns=\"http:\/\/www.w3.org\/2000\/svg\" width=\"10px\" height=\"10px\" viewbox=\"0 0 24 24\" version=\"1.2\" baseprofile=\"tiny\"><path d=\"M18.2 9.3l-6.2-6.3-6.2 6.3c-.2.2-.3.4-.3.7s.1.5.3.7c.2.2.4.3.7.3h11c.3 0 .5-.1.7-.3.2-.2.3-.5.3-.7s-.1-.5-.3-.7zM5.8 14.7l6.2 6.3 6.2-6.3c.2-.2.3-.5.3-.7s-.1-.5-.3-.7c-.2-.2-.4-.3-.7-.3h-11c-.3 0-.5.1-.7.3-.2.2-.3.5-.3.7s.1.5.3.7z\"\/><\/svg><\/span><\/span><\/span><\/a><\/span><\/div>\n<nav><ul class='ez-toc-list ez-toc-list-level-1' ><ul class='ez-toc-list-level-3' ><li class='ez-toc-heading-level-3'><a class=\"ez-toc-link ez-toc-heading-1\" href=\"https:\/\/idipavidi.com\/en\/utvrda-klana-strazar-kvarnera-izmedu-carstva-i-carstva\/#Od_rimskog_limesa_do_srednjovjekovnog_tvrdog_grada\" >Od rimskog limesa do srednjovjekovnog tvrdog grada<\/a><\/li><li class='ez-toc-page-1 ez-toc-heading-level-3'><a class=\"ez-toc-link ez-toc-heading-2\" href=\"https:\/\/idipavidi.com\/en\/utvrda-klana-strazar-kvarnera-izmedu-carstva-i-carstva\/#Klana_kao_protuosmanska_utvrda\" >Klana kao protuosmanska utvrda<\/a><\/li><li class='ez-toc-page-1 ez-toc-heading-level-3'><a class=\"ez-toc-link ez-toc-heading-3\" href=\"https:\/\/idipavidi.com\/en\/utvrda-klana-strazar-kvarnera-izmedu-carstva-i-carstva\/#Postupno_napustanje_i_propadanje\" >Postupno napu\u0161tanje i propadanje<\/a><\/li><li class='ez-toc-page-1 ez-toc-heading-level-3'><a class=\"ez-toc-link ez-toc-heading-4\" href=\"https:\/\/idipavidi.com\/en\/utvrda-klana-strazar-kvarnera-izmedu-carstva-i-carstva\/#Kako_je_izgledala_utvrda_Klana\" >Kako je izgledala utvrda Klana?<\/a><\/li><li class='ez-toc-page-1 ez-toc-heading-level-3'><a class=\"ez-toc-link ez-toc-heading-5\" href=\"https:\/\/idipavidi.com\/en\/utvrda-klana-strazar-kvarnera-izmedu-carstva-i-carstva\/#Posebnost_Klane_utvrda_iznad_spilje\" >Posebnost Klane: utvrda iznad \u0161pilje<\/a><\/li><\/ul><\/li><li class='ez-toc-page-1 ez-toc-heading-level-2'><a class=\"ez-toc-link ez-toc-heading-6\" href=\"https:\/\/idipavidi.com\/en\/utvrda-klana-strazar-kvarnera-izmedu-carstva-i-carstva\/#Literatura\" >Literatura<\/a><\/li><\/ul><\/nav><\/div>\n<h3 class=\"wp-block-heading\"><span class=\"ez-toc-section\" id=\"Od_rimskog_limesa_do_srednjovjekovnog_tvrdog_grada\"><\/span><strong>Od rimskog limesa do srednjovjekovnog tvrdog grada<\/strong><span class=\"ez-toc-section-end\"><\/span><\/h3>\n\n\n\n<p>U pisanim se izvorima Klana prvi put spominje 1273. godine, kada je bila u posjedu Pulske biskupije. No, njezina je lokacija bila strate\u0161ki va\u017ena i mnogo ranije. Utvrda je podignuta na mjestu kasnoanti\u010dke fortifikacije, koja je bila dio rimskog obrambenog sustava <em>Claustra Alpium Iuliarum<\/em>, \u010diji je cilj bio kontrolirati i braniti prolaze prema Italiji.<\/p>\n\n\n\n<p>Ve\u0107 krajem 13. stolje\u0107a Klana prelazi u ruke gospode Devinskih. Rije\u010d je o jednoj od najutjecajnijih plemi\u0107kih obitelji sjevernog Jadrana i Kranjske, poznatoj po kontroli klju\u010dnih komunikacija izme\u0111u mora i zale\u0111a.<\/p>\n\n\n\n<p><strong>Zanimljivost o Devinskima:<\/strong><br>Devinski su bili poznati po \u010destim politi\u010dkim manevrima i promjenama savezni\u0161tava. Upravo ih je ta strategija dugoro\u010dno oslabila \u2013 nisu nestali u ratovima, nego su izumrli 1399. godine, ostaviv\u0161i svoje posjede, uklju\u010duju\u0107i Klanu, bez izravnih nasljednika.<\/p>\n\n\n\n<p>Nakon njih Klanu preuzima obitelj grofova Walsee, a 1466. godine, nakon izumiranja te loze u mu\u0161koj liniji, utvrda prelazi u ruke Habsburgovaca.<\/p>\n\n\n\n<h3 class=\"wp-block-heading\"><span class=\"ez-toc-section\" id=\"Klana_kao_protuosmanska_utvrda\"><\/span><strong>Klana kao protuosmanska utvrda<\/strong><span class=\"ez-toc-section-end\"><\/span><\/h3>\n\n\n\n<p>U 16. i 17. stolje\u0107u Klana dobiva novu ulogu \u2013 postaje va\u017ena protuosmanska utvrda. Zatvarala je jedan od klju\u010dnih prilaza habsbur\u0161kim krajinama iz smjera Kvarnera te je zbog toga bila \u010desta meta napada i opsada. Zabilje\u017eeno je da su Osmanlije 1559. godine poku\u0161ale zauzeti Klanu, no bez uspjeha.<\/p>\n\n\n\n<p>U tom razdoblju Klana je bila sredi\u0161te klanjskog gospo\u0161tija, kojim je upravljala obitelj Barbo.<\/p>\n\n\n\n<p><strong>Zanimljivost o Barbovima:<\/strong><br>Za razliku od mnogih ratni\u010dkih obitelji, Barbo nisu ostali zapam\u0107eni po velikim bitkama, ve\u0107 po odr\u017eavanju stabilnosti u izrazito nestabilnom vremenu. Pod njihovom upravom Klana je prilago\u0111avana novim oblicima ratovanja, \u010dime je utvrda uspje\u0161no funkcionirala kao dio \u0161ireg obrambenog sustava Habsbur\u0161ke Monarhije.<\/p>\n\n\n\n<h3 class=\"wp-block-heading\"><span class=\"ez-toc-section\" id=\"Postupno_napustanje_i_propadanje\"><\/span><strong>Postupno napu\u0161tanje i propadanje<\/strong><span class=\"ez-toc-section-end\"><\/span><\/h3>\n\n\n\n<p>Tijekom 17. i 18. stolje\u0107a Klana postupno gubi vojnu va\u017enost. Nakon Barba, utvrda prelazi u ruke vi\u0161e plemi\u0107kih obitelji (Panzoli, Scampicchia, Oberburg, Lazzarini, Della Rovere, Dell\u2019Argento, Negoveti\u0107), no vi\u0161e nema strate\u0161ku ulogu kakvu je imala ranije.<\/p>\n\n\n\n<p>Krajem 17. stolje\u0107a Klana je ve\u0107 napu\u0161tena. To potvr\u0111uje i <strong>Johann Weikhard Valvasor<\/strong>, koji ju je zabilje\u017eio kao ru\u0161evinu, bez naznaka svje\u017eih ratnih razaranja. Njegov zapis upu\u0107uje na to da Klana nije pala u dramati\u010dnom sukobu, ve\u0107 je tiho izgubila svoju funkciju.<\/p>\n\n\n\n<p>Proces propadanja dodatno je ubrzan <strong>potresom 1870. godine<\/strong>, \u010diji se epicentar nalazio upravo na ovom podru\u010dju. Iako je utvrda pre\u017eivjela stolje\u0107a ratova i osmansku prijetnju, prirodna katastrofa u mirnodopskom razdoblju nanijela joj je zavr\u0161ni udarac.<\/p>\n\n\n\n<h3 class=\"wp-block-heading\"><span class=\"ez-toc-section\" id=\"Kako_je_izgledala_utvrda_Klana\"><\/span><strong>Kako je izgledala utvrda Klana?<\/strong><span class=\"ez-toc-section-end\"><\/span><\/h3>\n\n\n\n<p>Utvrda je bila prilago\u0111ena izuzetno zahtjevnom terenu \u2013 smje\u0161tena na dugom i uskom hrptu koji se strmo obru\u0161avao s tri strane. Pristup je bio mogu\u0107 samo sa sjeverozapada, \u0161to ju je \u010dinilo prirodno za\u0161ti\u0107enom i lako branjivom.<\/p>\n\n\n\n<p>Imala je izdu\u017een, nepravilni tlocrt, sastojala se od sredi\u0161nje jezgre i ni\u017eeg utvr\u0111enog predgra\u0111a, a tijekom ranog novog vijeka dodatno je prilago\u0111avana suvremenim vojnim potrebama.<\/p>\n\n\n\n<h3 class=\"wp-block-heading\"><span class=\"ez-toc-section\" id=\"Posebnost_Klane_utvrda_iznad_spilje\"><\/span><strong>Posebnost Klane: utvrda iznad \u0161pilje<\/strong><span class=\"ez-toc-section-end\"><\/span><\/h3>\n\n\n\n<p>Jedna od rijetkih i iznimno zanimljivih posebnosti Klane jest \u010dinjenica da se <strong>unutar utvr\u0111enog prostora nalazi prirodna \u0161pilja \u2013 Pe\u0107inica sv. Trojice<\/strong>. Takav spoj fortifikacije i prirodnog zaklona vrlo je rijedak te otvara mogu\u0107nost da je \u0161pilja slu\u017eila kao skloni\u0161te, spremi\u0161te ili \u010dak prostor posebnog zna\u010denja u kasnijim razdobljima.<\/p>\n\n\n\n<hr class=\"wp-block-separator has-alpha-channel-opacity\"\/>\n\n\n\n<h2 class=\"wp-block-heading\"><span class=\"ez-toc-section\" id=\"Literatura\"><\/span><strong>Literatura<\/strong><span class=\"ez-toc-section-end\"><\/span><\/h2>\n\n\n\n<ul class=\"wp-block-list\">\n<li><strong>Leksikon utvrda Hrvatske: srednji i rano novi vijek<\/strong>, Leksikografski zavod Miroslav Krle\u017ea, Zagreb, 2024.<\/li>\n\n\n\n<li>J. W. Valvasor, <em>Slava vojvodine Kranjske<\/em><\/li>\n\n\n\n<li>I. Foscari, <em>Klana i \u0160kalnica<\/em>, Zbornik Dru\u0161tva za povjesnicu Klana<\/li>\n\n\n\n<li>R. Starac, \u201eGradina u Klani\u201c, <em>Zbornik Dru\u0161tva za povjesnicu Klana<\/em><\/li>\n\n\n\n<li>A. Zmegac, \u201eBastioni i bastionska istra\u017eivanja u Klani\u201c, Zagreb, 2009.<\/li>\n<\/ul>","protected":false},"excerpt":{"rendered":"<p>Na uzdignutom grebenu iznad dana\u0161njeg naselja Klana, svega 18 kilometara sjeverozapadno od Rijeke, nalaze se ostaci nekada va\u017ene utvrde koja [&hellip;]<\/p>\n","protected":false},"author":1,"featured_media":841,"comment_status":"open","ping_status":"open","sticky":false,"template":"","format":"standard","meta":{"_eb_attr":"","site-sidebar-layout":"default","site-content-layout":"","ast-site-content-layout":"default","site-content-style":"default","site-sidebar-style":"default","ast-global-header-display":"","ast-banner-title-visibility":"","ast-main-header-display":"","ast-hfb-above-header-display":"","ast-hfb-below-header-display":"","ast-hfb-mobile-header-display":"","site-post-title":"","ast-breadcrumbs-content":"","ast-featured-img":"","footer-sml-layout":"","ast-disable-related-posts":"","theme-transparent-header-meta":"","adv-header-id-meta":"","stick-header-meta":"","header-above-stick-meta":"","header-main-stick-meta":"","header-below-stick-meta":"","astra-migrate-meta-layouts":"default","ast-page-background-enabled":"default","ast-page-background-meta":{"desktop":{"background-color":"var(--ast-global-color-4)","background-image":"","background-repeat":"repeat","background-position":"center center","background-size":"auto","background-attachment":"scroll","background-type":"","background-media":"","overlay-type":"","overlay-color":"","overlay-opacity":"","overlay-gradient":""},"tablet":{"background-color":"","background-image":"","background-repeat":"repeat","background-position":"center center","background-size":"auto","background-attachment":"scroll","background-type":"","background-media":"","overlay-type":"","overlay-color":"","overlay-opacity":"","overlay-gradient":""},"mobile":{"background-color":"","background-image":"","background-repeat":"repeat","background-position":"center center","background-size":"auto","background-attachment":"scroll","background-type":"","background-media":"","overlay-type":"","overlay-color":"","overlay-opacity":"","overlay-gradient":""}},"ast-content-background-meta":{"desktop":{"background-color":"var(--ast-global-color-5)","background-image":"","background-repeat":"repeat","background-position":"center center","background-size":"auto","background-attachment":"scroll","background-type":"","background-media":"","overlay-type":"","overlay-color":"","overlay-opacity":"","overlay-gradient":""},"tablet":{"background-color":"var(--ast-global-color-5)","background-image":"","background-repeat":"repeat","background-position":"center center","background-size":"auto","background-attachment":"scroll","background-type":"","background-media":"","overlay-type":"","overlay-color":"","overlay-opacity":"","overlay-gradient":""},"mobile":{"background-color":"var(--ast-global-color-5)","background-image":"","background-repeat":"repeat","background-position":"center center","background-size":"auto","background-attachment":"scroll","background-type":"","background-media":"","overlay-type":"","overlay-color":"","overlay-opacity":"","overlay-gradient":""}},"footnotes":""},"categories":[20,63],"tags":[86,85,87,53,84,52],"class_list":["post-840","post","type-post","status-publish","format-standard","has-post-thumbnail","hentry","category-istra-i-kvarner","category-utvrde-2","tag-klana","tag-kvarner","tag-limes","tag-povijest","tag-rijeka","tag-srednji-vijek"],"_links":{"self":[{"href":"https:\/\/idipavidi.com\/en\/wp-json\/wp\/v2\/posts\/840","targetHints":{"allow":["GET"]}}],"collection":[{"href":"https:\/\/idipavidi.com\/en\/wp-json\/wp\/v2\/posts"}],"about":[{"href":"https:\/\/idipavidi.com\/en\/wp-json\/wp\/v2\/types\/post"}],"author":[{"embeddable":true,"href":"https:\/\/idipavidi.com\/en\/wp-json\/wp\/v2\/users\/1"}],"replies":[{"embeddable":true,"href":"https:\/\/idipavidi.com\/en\/wp-json\/wp\/v2\/comments?post=840"}],"version-history":[{"count":1,"href":"https:\/\/idipavidi.com\/en\/wp-json\/wp\/v2\/posts\/840\/revisions"}],"predecessor-version":[{"id":843,"href":"https:\/\/idipavidi.com\/en\/wp-json\/wp\/v2\/posts\/840\/revisions\/843"}],"wp:featuredmedia":[{"embeddable":true,"href":"https:\/\/idipavidi.com\/en\/wp-json\/wp\/v2\/media\/841"}],"wp:attachment":[{"href":"https:\/\/idipavidi.com\/en\/wp-json\/wp\/v2\/media?parent=840"}],"wp:term":[{"taxonomy":"category","embeddable":true,"href":"https:\/\/idipavidi.com\/en\/wp-json\/wp\/v2\/categories?post=840"},{"taxonomy":"post_tag","embeddable":true,"href":"https:\/\/idipavidi.com\/en\/wp-json\/wp\/v2\/tags?post=840"}],"curies":[{"name":"wp","href":"https:\/\/api.w.org\/{rel}","templated":true}]}}